{"id":545,"date":"2014-04-16T12:31:21","date_gmt":"2014-04-16T09:31:21","guid":{"rendered":"http:\/\/sahinsolmaz.com\/blog\/?p=545"},"modified":"2017-11-28T00:17:09","modified_gmt":"2017-11-27T21:17:09","slug":"ben-degildim-ozdemir-asaf","status":"publish","type":"post","link":"https:\/\/sahinsolmaz.com\/blog\/ben-degildim-ozdemir-asaf\/","title":{"rendered":"\u00d6zdemir Asaf&#8217;\u0131n BEN DE\u011e\u0130LD\u0130M \u015eiiri"},"content":{"rendered":"<h2>Ben De\u011fildim<\/h2>\n<p>Bir aksam-\u00fcst\u00fc pencerenden bak\u0131yordun<br \/>\nA\u011f\u0131r a\u011f\u0131r, yollara inen karanl\u0131\u011fa.<br \/>\nBana benzeyen biri ge\u00e7ti evinin \u00f6n\u00fcnden.<br \/>\nKalbin ba\u015flad\u0131 h\u0131zl\u0131 h\u0131zl\u0131 \u00e7arpmaya..<br \/>\nO ge\u00e7en ben de\u011fildim.<br \/>\nBir gece, yata\u011f\u0131nda uyuyordun..<br \/>\nUyan\u0131verdin birden, sessiz d\u00fcnyaya.<br \/>\nBir r\u00fcyan\u0131n par\u00e7as\u0131yd\u0131 g\u00f6zlerini a\u00e7an,<br \/>\nVe karanl\u0131klar i\u00e7indeydi odan&#8230;<br \/>\nSeni g\u00f6ren ben de\u011fildim.<br \/>\nBen \u00e7ok uzaktayd\u0131m o zaman,<br \/>\nG\u00f6zlerin kavu\u015ftu a\u011flamaya, sebebsiz a\u011flamaya.<br \/>\nArt\u0131k beni d\u00fc\u015f\u00fcnmeye ba\u015flad\u0131\u011f\u0131ndan<br \/>\nB\u0131rakt\u0131n kendini a\u015fk i\u00e7inde ya\u015famaya..<br \/>\nBunu bilen ben de\u011fildim.<br \/>\nBir kitap okuyordun dalg\u0131n..<br \/>\n\u0130\u00e7inde insanlar seviyor, ya da \u00f6l\u00fcyorlard\u0131.<br \/>\nGen\u00e7 bir adam\u0131 \u00f6ld\u00fcrd\u00fcler romanda.<br \/>\nKorktun, b\u00fct\u00fcn yininle a\u011flamaya ba\u015flad\u0131n..<br \/>\nO \u00f6len ben de\u011fildim..<\/p>\n<h3>\u00d6zdemir ASAF<\/h3>\n","protected":false},"excerpt":{"rendered":"<p>Ben De\u011fildim Bir aksam-\u00fcst\u00fc pencerenden bak\u0131yordun A\u011f\u0131r a\u011f\u0131r, yollara inen karanl\u0131\u011fa. Bana benzeyen biri ge\u00e7ti evinin \u00f6n\u00fcnden. Kalbin ba\u015flad\u0131 h\u0131zl\u0131 h\u0131zl\u0131 \u00e7arpmaya.. O ge\u00e7en ben de\u011fildim. Bir gece, yata\u011f\u0131nda uyuyordun.. Uyan\u0131verdin birden, sessiz d\u00fcnyaya. Bir r\u00fcyan\u0131n par\u00e7as\u0131yd\u0131 g\u00f6zlerini a\u00e7an, Ve karanl\u0131klar i\u00e7indeydi odan&#8230; Seni g\u00f6ren ben de\u011fildim. Ben \u00e7ok uzaktayd\u0131m o zaman, G\u00f6zlerin kavu\u015ftu a\u011flamaya, [&hellip;]<\/p>\n","protected":false},"author":1,"featured_media":0,"comment_status":"open","ping_status":"open","sticky":false,"template":"","format":"standard","meta":{"jetpack_post_was_ever_published":false,"_jetpack_newsletter_access":"","_jetpack_dont_email_post_to_subs":false,"_jetpack_newsletter_tier_id":0,"_jetpack_memberships_contains_paywalled_content":false,"_jetpack_memberships_contains_paid_content":false,"footnotes":"","jetpack_publicize_message":"","jetpack_publicize_feature_enabled":true,"jetpack_social_post_already_shared":true,"jetpack_social_options":{"image_generator_settings":{"template":"highway","default_image_id":0,"enabled":false},"version":2}},"categories":[28,265,29],"tags":[266,268,267,547],"class_list":["post-545","post","type-post","status-publish","format-standard","hentry","category-edebiyat","category-ozdemir-asaf","category-siir","tag-ben-degildim","tag-ben-degildim-siiri-ozdemir-asaf","tag-ozdemir-asaf-2","tag-siir"],"aioseo_notices":[],"jetpack_publicize_connections":[],"jetpack_featured_media_url":"","jetpack_sharing_enabled":true,"jetpack_shortlink":"https:\/\/wp.me\/p4sbm9-8N","jetpack-related-posts":[{"id":125,"url":"https:\/\/sahinsolmaz.com\/blog\/aska-dusmek-ozdemir-asaf\/","url_meta":{"origin":545,"position":0},"title":"A\u015fka D\u00fc\u015fmek &#8211; \u00d6zdemir Asaf","author":"SahinSOLMAZ","date":"2 Kas\u0131m 2012","format":false,"excerpt":"A\u015eKA G\u00d6N\u00dcL \u0130LE D\u00dc\u015eERSEN YANARSIN ZEKA \u0130LE D\u00dc\u015eERSEN KAVRULURSUN AKIL \u0130LE D\u00dc\u015eERSEN \u00c7ILDIRIRSIN DUYGU \u0130LE D\u00dc\u015eERSEN G\u00dcL\u00dcN\u00c7 OLURSUN - A\u015eKA D\u00dc\u015eMEZSEN KALABALI\u011eA KARI\u015eIRSIN, EZ\u0130L\u0130RS\u0130N SERSEM \u00a0 SERSEM\u00a0\u00a0\u00a0 BAKINIP\u00a0\u00a0\u00a0 DURMA\u00a0\u00a0\u00a0 B\u0130R\u00a0\u00a0 YOL\u00a0\u00a0\u00a0 SE\u00c7 ! Ne de g\u00fczel yorumlam\u0131\u015f \u00fcstad \u00d6zdemir Asaf.. Bir \u00e7ok yolcunun y\u00fcz\u00fcne tokat gibi \u00e7arpm\u0131\u015f olmal\u0131 bu \u015fiir...\u2026","rel":"","context":"&quot;\u015eiir&quot; i\u00e7inde","block_context":{"text":"\u015eiir","link":"https:\/\/sahinsolmaz.com\/blog\/category\/edebiyat\/siir\/"},"img":{"alt_text":"","src":"https:\/\/i0.wp.com\/www.sahinsolmaz.com\/blog\/wp-content\/uploads\/2012\/11\/174684_147533738603579_39034441_n.jpg?resize=350%2C200","width":350,"height":200},"classes":[]},{"id":774,"url":"https:\/\/sahinsolmaz.com\/blog\/umit-yasar-oguzcan-sevi-siiri-ben-senin-en-cok\/","url_meta":{"origin":545,"position":1},"title":"\u00dcmit Ya\u015far O\u011eUZCAN &#8211; SEV\u0130 \u015e\u0130\u0130R\u0130 | Ben senin en \u00e7ok..","author":"SahinSOLMAZ","date":"26 Eyl\u00fcl 2014","format":false,"excerpt":"SEV\u0130 \u015e\u0130\u0130R\u0130 Ben senin en \u00e7ok sesini sevdim Bu\u011fulu \u00e7o\u011fu zaman, taze bir ekmek gibi \u00d6nce a\u015fka \u00e7a\u011f\u0131ran,sonra dinlendiren Bana her zaman dost, her zaman sevgili Ben senin en \u00e7ok ellerini sevdim Bir p\u0131nar serinli\u011finde, k\u00fc\u00e7\u00fcc\u00fck ve ak pak Nice g\u00fczellikler g\u00f6rd\u00fcm yery\u00fcz\u00fcnde En g\u00fczeli bir sabah ellerinle uyanmak Ben\u2026","rel":"","context":"&quot;\u015eiir&quot; i\u00e7inde","block_context":{"text":"\u015eiir","link":"https:\/\/sahinsolmaz.com\/blog\/category\/edebiyat\/siir\/"},"img":{"alt_text":"","src":"","width":0,"height":0},"classes":[]},{"id":578,"url":"https:\/\/sahinsolmaz.com\/blog\/abdurrahim-karakoc-ey-can-siiri\/","url_meta":{"origin":545,"position":2},"title":"Abdurrahim Karako\u00e7 Ey Can \u015eiiri","author":"SahinSOLMAZ","date":"11 May\u0131s 2014","format":false,"excerpt":"Abdurrahim Karako\u00e7 Ey Can \u015eiiri Ben sabit \u015feyleri sevmem ey can Sen E\u011fer beni dinlersen \u00c7a\u011flayan \u0131rmak ol.. Ve g\u00f6n\u00fcl g\u00f6nderine \u00e7ekilmi\u015f Nazl\u0131 nazl\u0131 dalgalanan Bayrak ol.. Ben karanl\u0131\u011f\u0131 hi\u00e7 sevmem ey can Vaktin her saatinde Her zaman A\u011faran \u015fafak ol.. G\u00fcne\u015f \u0131\u015f\u0131klar\u0131yla \u00fcrperen \u00e7i\u00e7ek Seher yeliyle \u0131rgalanan Yaprak ol..\u2026","rel":"","context":"&quot;Abdurrahim Karako\u00e7&quot; i\u00e7inde","block_context":{"text":"Abdurrahim Karako\u00e7","link":"https:\/\/sahinsolmaz.com\/blog\/category\/edebiyat\/siir\/abdurrahim-karakoc\/"},"img":{"alt_text":"","src":"","width":0,"height":0},"classes":[]},{"id":1689,"url":"https:\/\/sahinsolmaz.com\/blog\/ahmet-arif-anadolu-siiri\/","url_meta":{"origin":545,"position":3},"title":"Ahmet Arif &#8211; Anadolu \u015eiiri","author":"SahinSOLMAZ","date":"21 Nisan 2018","format":false,"excerpt":"Bir \u015fiir daha size! Gayr\u0131 \u015fiir paklar bizi... Ahmet Arif'in do\u011fum g\u00fcn\u00fc an\u0131s\u0131na: e\u015fsiz kaleminden, t\u00fcyleri \u00fcrperten bir \u015fiir; Anadolu \u015eiiri: ANADOLU Be\u015fikler vermi\u015fim Nuh'a Sal\u0131ncaklar, hamaklar, Havva Ana'n d\u00fcnk\u00fc \u00e7ocuk say\u0131l\u0131r, Anadoluyum ben, Tan\u0131yor musun? Utan\u0131r\u0131m, Utan\u0131r\u0131m f\u0131karal\u0131ktan, Ele, g\u00fcne kar\u015f\u0131 \u00e7\u0131plak... \u00dc\u015f\u00fcr fidelerim, Harman\u0131m kesat. Karde\u015fli\u011fin, \u00e7al\u0131\u015fman\u0131n, Beraberli\u011fin,\u2026","rel":"","context":"&quot;Genel&quot; i\u00e7inde","block_context":{"text":"Genel","link":"https:\/\/sahinsolmaz.com\/blog\/category\/genel\/"},"img":{"alt_text":"","src":"https:\/\/i0.wp.com\/sahinsolmaz.com\/blog\/wp-content\/uploads\/2018\/04\/ahmet-arif-anadolu-siiri.jpg?resize=350%2C200&ssl=1","width":350,"height":200,"srcset":"https:\/\/i0.wp.com\/sahinsolmaz.com\/blog\/wp-content\/uploads\/2018\/04\/ahmet-arif-anadolu-siiri.jpg?resize=350%2C200&ssl=1 1x, https:\/\/i0.wp.com\/sahinsolmaz.com\/blog\/wp-content\/uploads\/2018\/04\/ahmet-arif-anadolu-siiri.jpg?resize=525%2C300&ssl=1 1.5x, https:\/\/i0.wp.com\/sahinsolmaz.com\/blog\/wp-content\/uploads\/2018\/04\/ahmet-arif-anadolu-siiri.jpg?resize=700%2C400&ssl=1 2x"},"classes":[]},{"id":1380,"url":"https:\/\/sahinsolmaz.com\/blog\/orhan-veli-kanik-gun-olur-siiri\/","url_meta":{"origin":545,"position":4},"title":"Orhan Veli KANIK &#8211; G\u00fcn Olur \u015eiiri","author":"SahinSOLMAZ","date":"25 Aral\u0131k 2016","format":false,"excerpt":"G\u00dcN OLUR G\u00fcn olur, al\u0131r ba\u015f\u0131m\u0131 giderim, Denizden yeni \u00e7\u0131km\u0131\u015f a\u011flar\u0131n kokusunda. \u015eu ada senin, bu ada benim, Yelkovan ku\u015flar\u0131n\u0131n pe\u015fi s\u0131ra. D\u00fcnyalar vard\u0131r, d\u00fc\u015f\u00fcnemezsiniz; \u00c7i\u00e7ekler g\u00fcr\u00fclt\u00fcyle a\u00e7ar; G\u00fcr\u00fclt\u00fcyle \u00e7\u0131kar duman topraktan. Hele mart\u0131lar, hele mart\u0131lar, Her bir t\u00fcylerinde ayr\u0131 tela\u015f!... G\u00fcn olur, ba\u015f\u0131ma kadar mavi; G\u00fcn olur ba\u015f\u0131ma kadar\u2026","rel":"","context":"&quot;Genel&quot; i\u00e7inde","block_context":{"text":"Genel","link":"https:\/\/sahinsolmaz.com\/blog\/category\/genel\/"},"img":{"alt_text":"","src":"","width":0,"height":0},"classes":[]},{"id":1343,"url":"https:\/\/sahinsolmaz.com\/blog\/sukru-erbas-bir-kardes-mavi-cani-cehenneme-siiri\/","url_meta":{"origin":545,"position":5},"title":"\u015e\u00fckr\u00fc ERBA\u015e &#8211; Bir Karde\u015f Mavi (Can\u0131 Cehenneme) \u015eiiri","author":"SahinSOLMAZ","date":"30 Temmuz 2016","format":false,"excerpt":"Merhabalar, \u015eiirin i\u00e7inde \u00e7okca vurguland\u0131\u011f\u0131ndan olsa gerek, bir \u00e7o\u011fu bu \u015fiirin ad\u0131n\u0131 Can\u0131 Cehenneme san\u0131r, oysa ki Bir Karde\u015f Mavi'dir bu \u015fiirin ad\u0131. \u00a0 B\u0130R KARDE\u015e MAV\u0130 Can\u0131 cehenneme rahat uyuyan\u0131n Kap\u0131s\u0131n\u0131 \u00f6rtenin perdesini \u00e7ekenin Y\u00fcre\u011fi yaln\u0131z kendiyle dolu olan\u0131n Duvarlar\u0131 ancak \u00e7arp\u0131nca g\u00f6renin Can\u0131 cehenneme ba\u015fkas\u0131n\u0131n yang\u0131n\u0131yla Evini \u0131s\u0131t\u0131p\u2026","rel":"","context":"&quot;Genel&quot; i\u00e7inde","block_context":{"text":"Genel","link":"https:\/\/sahinsolmaz.com\/blog\/category\/genel\/"},"img":{"alt_text":"\u015e\u00fckr\u00fc ERBA\u015e - Bir Karde\u015f Mavi (Can\u0131 Cehennem'e) \u015eiiri","src":"https:\/\/i0.wp.com\/sahinsolmaz.com\/blog\/wp-content\/uploads\/2016\/07\/Sukru-ERBAS-Bir-Kardes-Mavi-Cani-Cehenneme-siiri-480x309.jpg?resize=350%2C200","width":350,"height":200},"classes":[]}],"_links":{"self":[{"href":"https:\/\/sahinsolmaz.com\/blog\/wp-json\/wp\/v2\/posts\/545","targetHints":{"allow":["GET"]}}],"collection":[{"href":"https:\/\/sahinsolmaz.com\/blog\/wp-json\/wp\/v2\/posts"}],"about":[{"href":"https:\/\/sahinsolmaz.com\/blog\/wp-json\/wp\/v2\/types\/post"}],"author":[{"embeddable":true,"href":"https:\/\/sahinsolmaz.com\/blog\/wp-json\/wp\/v2\/users\/1"}],"replies":[{"embeddable":true,"href":"https:\/\/sahinsolmaz.com\/blog\/wp-json\/wp\/v2\/comments?post=545"}],"version-history":[{"count":1,"href":"https:\/\/sahinsolmaz.com\/blog\/wp-json\/wp\/v2\/posts\/545\/revisions"}],"predecessor-version":[{"id":1632,"href":"https:\/\/sahinsolmaz.com\/blog\/wp-json\/wp\/v2\/posts\/545\/revisions\/1632"}],"wp:attachment":[{"href":"https:\/\/sahinsolmaz.com\/blog\/wp-json\/wp\/v2\/media?parent=545"}],"wp:term":[{"taxonomy":"category","embeddable":true,"href":"https:\/\/sahinsolmaz.com\/blog\/wp-json\/wp\/v2\/categories?post=545"},{"taxonomy":"post_tag","embeddable":true,"href":"https:\/\/sahinsolmaz.com\/blog\/wp-json\/wp\/v2\/tags?post=545"}],"curies":[{"name":"wp","href":"https:\/\/api.w.org\/{rel}","templated":true}]}}