{"id":725,"date":"2014-08-31T23:21:57","date_gmt":"2014-08-31T20:21:57","guid":{"rendered":"http:\/\/sahinsolmaz.com\/blog\/?p=725"},"modified":"2014-08-30T13:54:22","modified_gmt":"2014-08-30T10:54:22","slug":"askida-ne-var-askida-paylasmak-var-ogrencilere-yonelik-sosyal-sorumluluk-projesi","status":"publish","type":"post","link":"https:\/\/sahinsolmaz.com\/blog\/askida-ne-var-askida-paylasmak-var-ogrencilere-yonelik-sosyal-sorumluluk-projesi\/","title":{"rendered":"Ask\u0131da Ne Var ? Ask\u0131da Payla\u015fmak Var! \u00d6\u011frencilere Y\u00f6nelik Sosyal Sorumluluk Projesi"},"content":{"rendered":"<p>Herkese Merhaba Arkada\u015flar,<\/p>\n<p>Bug\u00fcne kadar Linux, CentOS, SSH, PHP, MySQL, HTML, CSS, \u015eiir, Teda\u015f vs. derken bir \u00e7ok kategoride payla\u015f\u0131mlar yapt\u0131m yaln\u0131z bunlar\u0131n %90 &#8216;\u0131 sadece belirli bir kesime hitap eden payla\u015f\u0131mlard\u0131. Bu yaz\u0131mda sizlerle payla\u015fmak istedi\u011fim \u00e7ok daha \u00f6nemli bir kitleye\u00a0ve \u00e7ok daha \u00f6nemli bir konuya ve projeye de\u011finece\u011fim.<\/p>\n<p>\u0130nternette gezinirken az \u00f6nce g\u00f6rd\u00fc\u011f\u00fcm:\u00a0tebess\u00fcm ve mutlulukla inceledi\u011fim bir sosyal sorumluluk projesi;<\/p>\n<h3>Ask\u0131da Ne Var?<\/h3>\n<h3>Ask\u0131da Payla\u015fmak var!<\/h3>\n<p><a href=\"http:\/\/sahinsolmaz.com\/blog\/wp-content\/uploads\/2014\/08\/Ask\u0131da-Ne-Var-Ask\u0131da-Payla\u015fmak-Var-\u00d6\u011frencilere-Y\u00f6nelik-Sosyal-Sorumluluk-Projesi1.png\"><img loading=\"lazy\" decoding=\"async\" class=\"alignnone size-full wp-image-727\" src=\"http:\/\/sahinsolmaz.com\/blog\/wp-content\/uploads\/2014\/08\/Ask\u0131da-Ne-Var-Ask\u0131da-Payla\u015fmak-Var-\u00d6\u011frencilere-Y\u00f6nelik-Sosyal-Sorumluluk-Projesi1.png\" alt=\"Ask\u0131da Ne Var  Ask\u0131da Payla\u015fmak Var \u00d6\u011frencilere Y\u00f6nelik Sosyal Sorumluluk Projesi\" width=\"236\" height=\"109\" \/><\/a><\/p>\n<p>Asl\u0131nda bu projeyi anlatmak i\u00e7in kalemimin yeterli kalaca\u011f\u0131na hi\u00e7 inanm\u0131yorum bu sebeple; ben na\u00e7izane g\u00f6r\u00fc\u015flerimi payla\u015f\u0131p sizi ilgili sayfaya y\u00f6nlendirmek istiyorum.<\/p>\n<p>Takvimler 2014 y\u0131l\u0131n\u0131n sonuna yakla\u015ft\u0131\u011f\u0131m\u0131z\u0131 g\u00f6sterirken, hala\u00a0g\u00fcn\u00fcm\u00fcz \u015fartlar\u0131 ve ko\u015fullar\u0131n\u0131n yeterli olmad\u0131\u011f\u0131 bir T\u00fcrkiye&#8217;de ya\u015f\u0131yoruz ve maalesef gen\u00e7lere \u00f6zellikle \u00f6\u011frencilere gereken \u00f6nemin verilmedi\u011fini, bu \u00f6nem verilse dahi ihtiya\u00e7 ve ko\u015fullar\u0131n yetersizli\u011fi apa\u00e7\u0131k ortada. Dolay\u0131s\u0131 ile herkese \u00e7ok daha fazla g\u00f6rev d\u00fc\u015f\u00fcyor. Siz de yard\u0131mc\u0131 olabilece\u011finiz ne varsa <span style=\"text-decoration: underline;\">elinizi ta\u015f\u0131n alt\u0131na koyabilirsiniz<\/span>, unutmay\u0131n <span style=\"text-decoration: underline;\">bu bir d\u00f6ng\u00fcd\u00fcr<\/span>!<\/p>\n<p>En az\u0131ndan bu projeyi \u00e7evrenizdekilere duyurabilirsiniz.&#8221; diyerek bir de ilgili proje sayfas\u0131ndan &#8220;Ama\u00e7 ve Yararlar\u0131&#8221;\u00a0al\u0131nt\u0131 yaparak sunal\u0131m;<\/p>\n<h3 style=\"color: #4a4a4a;\"><strong style=\"font-style: inherit;\">&#8220;Amac\u0131m\u0131z ve Yararlar\u0131<\/strong><\/h3>\n<p style=\"color: #848484;\"><span style=\"color: rgb(0, 0, 0);\">T\u00fcrkiye\u2019deki kriz ortam\u0131nda maddi gelirleri olmayan ve ailelerinin deste\u011fiyle \u00f6\u011frenim hayat\u0131na devam eden \u00fcniversite \u00f6\u011frencilerine \u00fccretsiz yemek imk\u00e2n\u0131 sunulmas\u0131d\u0131r. \u00d6\u011frencilere yard\u0131m etmek isteyen ki\u015fi ve kurumlar\u0131n kolayca yard\u0131mlar\u0131n\u0131 aktarabilecekleri bir sistemdir. Toplumun unutulmu\u015f gelenek ve g\u00f6reneklerinin tekrar hat\u0131rlanmas\u0131n\u0131 sa\u011flamak, toplumun vicdani de\u011ferleri ile \u00fcniversite \u00f6\u011frencilerine k\u00fc\u00e7\u00fck bir katk\u0131da bulunmakt\u0131r.<\/span><\/p>\n<ul style=\"color: #848484;\">\n<li style=\"font-weight: inherit; font-style: inherit;\"><span style=\"color: rgb(0, 0, 0);\">G\u00fcn\u00fcm\u00fczde bir\u00e7ok sosyal yard\u0131mla\u015fma grubu temel ihtiya\u00e7lar\u0131 sahiplerine ula\u015ft\u0131rmaya \u00e7al\u0131\u015ft\u0131rmaktad\u0131r. Kar\u0131\u015f\u0131k organizasyon yap\u0131lar\u0131, yeterli \u015feffafl\u0131k ve bilinirlik ta\u015f\u0131mad\u0131\u011f\u0131ndan sosyal yard\u0131mla\u015fma boyutunda yeni bir model gereklili\u011fi ortaya \u00e7\u0131km\u0131\u015ft\u0131r.<\/span><\/li>\n<li style=\"font-weight: inherit; font-style: inherit;\"><span style=\"color: rgb(0, 0, 0);\">Eski bir ananeyi ya\u015fatmak toplumun tarih ile olan k\u00f6klerini g\u00fc\u00e7lendirecektir.<\/span><\/li>\n<li style=\"font-weight: inherit; font-style: inherit;\"><span style=\"color: rgb(0, 0, 0);\">Bu organizasyonlar toplum i\u00e7erisinde farkl\u0131 gruplar aras\u0131 m\u00fc\u015fterekler olu\u015fturmaktad\u0131r.<\/span><\/li>\n<li style=\"font-weight: inherit; font-style: inherit;\"><span style=\"color: rgb(0, 0, 0);\">Farkl\u0131 gelir seviyelerinin birbirinden haberdar olmas\u0131n\u0131 sa\u011flamaktad\u0131r.<\/span><\/li>\n<li style=\"font-weight: inherit; font-style: inherit;\"><span style=\"color: rgb(0, 0, 0);\">Sosyal sorumluluk sahibi ki\u015fi ve kurumlar\u0131n diledikleri yard\u0131mlar\u0131 kolayl\u0131kla yapmas\u0131n\u0131 sa\u011flamaktad\u0131r.<\/span><\/li>\n<li style=\"font-weight: inherit; font-style: inherit;\"><span style=\"color: rgb(0, 0, 0);\">\u00d6rnek bir medeniyetin geli\u015fimine katk\u0131 sa\u011flamaktad\u0131r<\/span><\/li>\n<li style=\"font-weight: inherit; font-style: inherit;\"><span style=\"color: rgb(0, 0, 0);\">Gelecek nesillere payla\u015f\u0131mc\u0131 bir karakter a\u015f\u0131layacakt\u0131r.<\/span><\/li>\n<li style=\"font-weight: inherit; font-style: inherit;\"><span style=\"color: rgb(0, 0, 0);\">Kurumlar ve ki\u015filer \u00fczerlerine d\u00fc\u015fen sosyal sorumluluklar\u0131n\u0131 ger\u00e7ekle\u015ftirmi\u015f olacakt\u0131r.<\/span><\/li>\n<li style=\"font-weight: inherit; font-style: inherit;\"><span style=\"color: rgb(0, 0, 0);\">Hibeyi yapan kurum ya da ki\u015finin sosyal sorumlulu\u011fu di\u011fer kurum ya da ki\u015filere \u00f6rnek olacakt\u0131r.&#8221;<\/span><\/li>\n<\/ul>\n<p>&nbsp;<\/p>\n<p>Proje sayfas\u0131na yan taraftaki\u00a0ba\u011flant\u0131 adresine t\u0131klayarak ula\u015fabilirsiniz:\u00a0<a title=\"Ask\u0131da Ne Var?\" href=\"http:\/\/www.askidanevar.com\/\" target=\"_blank\">http:\/\/www.askidanevar.com\/<\/a><\/p>\n<p>&nbsp;<\/p>\n<p>\u00d6\u011frenci<\/p>\n","protected":false},"excerpt":{"rendered":"<p>Herkese Merhaba Arkada\u015flar, Bug\u00fcne kadar Linux, CentOS, SSH, PHP, MySQL, HTML, CSS, \u015eiir, Teda\u015f vs. derken bir \u00e7ok kategoride payla\u015f\u0131mlar yapt\u0131m yaln\u0131z bunlar\u0131n %90 &#8216;\u0131 sadece belirli bir kesime hitap eden payla\u015f\u0131mlard\u0131. Bu yaz\u0131mda sizlerle payla\u015fmak istedi\u011fim \u00e7ok daha \u00f6nemli bir kitleye\u00a0ve \u00e7ok daha \u00f6nemli bir konuya ve projeye de\u011finece\u011fim. \u0130nternette gezinirken az \u00f6nce g\u00f6rd\u00fc\u011f\u00fcm:\u00a0tebess\u00fcm [&hellip;]<\/p>\n","protected":false},"author":1,"featured_media":726,"comment_status":"open","ping_status":"open","sticky":false,"template":"","format":"standard","meta":{"jetpack_post_was_ever_published":false,"_jetpack_newsletter_access":"","_jetpack_dont_email_post_to_subs":false,"_jetpack_newsletter_tier_id":0,"_jetpack_memberships_contains_paywalled_content":false,"_jetpack_memberships_contains_paid_content":false,"footnotes":"","jetpack_publicize_message":"","jetpack_publicize_feature_enabled":true,"jetpack_social_post_already_shared":true,"jetpack_social_options":{"image_generator_settings":{"template":"highway","default_image_id":0,"enabled":false},"version":2}},"categories":[412,413,411,30],"tags":[414,415,417,416],"class_list":["post-725","post","type-post","status-publish","format-standard","has-post-thumbnail","hentry","category-projeler","category-sosyal-sorumluluk","category-universite","category-yasam","tag-askida-ne-var","tag-askida-paylasmak-var","tag-ogrenci","tag-sosyal-sorumluluk-2"],"aioseo_notices":[],"jetpack_publicize_connections":[],"jetpack_featured_media_url":"https:\/\/sahinsolmaz.com\/blog\/wp-content\/uploads\/2014\/08\/Ask\u0131da-Ne-Var-Ask\u0131da-Payla\u015fmak-Var-\u00d6\u011frencilere-Y\u00f6nelik-Sosyal-Sorumluluk-Projesi.png","jetpack_sharing_enabled":true,"jetpack_shortlink":"https:\/\/wp.me\/p4sbm9-bH","jetpack-related-posts":[{"id":589,"url":"https:\/\/sahinsolmaz.com\/blog\/sosyal-medya-ve-dizilerin-dilimizeturkceye-etkilerizararlari\/","url_meta":{"origin":725,"position":0},"title":"Sosyal medya ve dizilerin Dilimize\/T\u00fcrk\u00e7e\u2019ye etkileri\/zararlar\u0131","author":"SahinSOLMAZ","date":"13 May\u0131s 2014","format":false,"excerpt":"Sosyal medya ve dizilerin Dilimize\/T\u00fcrk\u00e7e\u2019ye etkileri\/zararlar\u0131 \u00a0 Teknolojik \u00e7a\u011f\u0131n en b\u00fcy\u00fck hediyesi olan \u2018\u2019sosyal medya\u2019\u2019 yani h\u0131zl\u0131 ileti\u015fimi sa\u011flayan en b\u00fcy\u00fck alternatifimiz. Fakat millet\u00e7e var olmam\u0131z\u0131n en b\u00fcy\u00fck \u00f6zelliklerinden biri olan\u00a0 \u2018\u2019T\u00fcrk\u00e7emizi\u2019\u2019 bize kaybettirmek \u00fczere oldu\u011funu biliyor muydunuz? Dil bir \u00fclkenin birli\u011finin ve ba\u011f\u0131ms\u0131zl\u0131\u011f\u0131n\u0131n en \u00f6nemli simgesidir. Dil bir milletin\u2026","rel":"","context":"&quot;Dil&quot; i\u00e7inde","block_context":{"text":"Dil","link":"https:\/\/sahinsolmaz.com\/blog\/category\/dil\/"},"img":{"alt_text":"","src":"https:\/\/i0.wp.com\/sahinsolmaz.com\/blog\/wp-content\/uploads\/2014\/05\/sosyal-medya-ve-dizilerin-t%C3%BCrk%C3%A7eye-etkileri.jpg?resize=350%2C200&ssl=1","width":350,"height":200},"classes":[]},{"id":583,"url":"https:\/\/sahinsolmaz.com\/blog\/sosyal-medyanin-sosyal-yasamimiza-hayata-etkisi\/","url_meta":{"origin":725,"position":1},"title":"Sosyal Medyan\u0131n Sosyal Ya\u015fam\u0131m\u0131za Etkisi \/ Pi\u015ftt Sosyal Dostum! Bi&#8217; Bakar m\u0131s\u0131n?","author":"SahinSOLMAZ","date":"12 May\u0131s 2014","format":false,"excerpt":"Sosyal Medyan\u0131n Sosyal Ya\u015fam\u0131m\u0131za Etkisi Pi\u015ftt Sosyal Dostum! :) Bi' Bakar m\u0131s\u0131n? \u00c7ook SOSYAL'sin dostum \u00e7ook.. Yemekte, otob\u00fcste, kafede, yolda, toplant\u0131da, etkinliklerinde telefonun, i\u015fyerinde, evinde bilgisayar\u0131n bir yadan Facebook, bir yandan Twitter, di\u011fer yandan Foursquare, Instagram, Whatsapp ohh Ma\u015fallah! ve o y\u00fczden buradas\u0131n ki buras\u0131 da sosyal payla\u015f\u0131m sitesi ve\u2026","rel":"","context":"&quot;Sosyal Medya&quot; i\u00e7inde","block_context":{"text":"Sosyal Medya","link":"https:\/\/sahinsolmaz.com\/blog\/category\/sosyal-medya\/"},"img":{"alt_text":"","src":"https:\/\/i0.wp.com\/sahinsolmaz.com\/blog\/wp-content\/uploads\/2014\/05\/sosyal-medya-bagimliligi-facebook-twitter-hastalik.jpg?resize=350%2C200&ssl=1","width":350,"height":200,"srcset":"https:\/\/i0.wp.com\/sahinsolmaz.com\/blog\/wp-content\/uploads\/2014\/05\/sosyal-medya-bagimliligi-facebook-twitter-hastalik.jpg?resize=350%2C200&ssl=1 1x, https:\/\/i0.wp.com\/sahinsolmaz.com\/blog\/wp-content\/uploads\/2014\/05\/sosyal-medya-bagimliligi-facebook-twitter-hastalik.jpg?resize=525%2C300&ssl=1 1.5x"},"classes":[]},{"id":1041,"url":"https:\/\/sahinsolmaz.com\/blog\/php-7-geliyor-getting-ready-for-php-7-php7\/","url_meta":{"origin":725,"position":2},"title":"PHP 7 GEL\u0130YOR! Getting Ready for PHP 7! #PHP7","author":"SahinSOLMAZ","date":"17 A\u011fustos 2015","format":false,"excerpt":"Herkese Merhabalar, \u0130\u015fte bomba gibi bir haber sizlere! PHP 7 Geliyor.. Bir s\u00fcre \u00f6nce sosyal medya \u00fczerinde DigitalOcean'\u0131n payla\u015ft\u0131\u011f\u0131 bir makaleyi g\u00f6rd\u00fcm ve bir sevni\u00e7, bir heyecanla hemen ben de sizlerle payla\u015fmak istedim. Gelin PHP 7'den biraz\u00a0 s\u00f6z edelim; H\u0131zl\u0131ca: 2015 'in sonlar\u0131na do\u011fru yay\u0131nlanmas\u0131 bekleniyor Performans konusunda \u00e7ok iddial\u0131!\u2026","rel":"","context":"&quot;Genel&quot; i\u00e7inde","block_context":{"text":"Genel","link":"https:\/\/sahinsolmaz.com\/blog\/category\/genel\/"},"img":{"alt_text":"","src":"https:\/\/i0.wp.com\/sahinsolmaz.com\/blog\/wp-content\/uploads\/2015\/07\/PHP7_GELiYOR_Getting_Ready_for_PHP7-PHP7.jpg?resize=350%2C200&ssl=1","width":350,"height":200,"srcset":"https:\/\/i0.wp.com\/sahinsolmaz.com\/blog\/wp-content\/uploads\/2015\/07\/PHP7_GELiYOR_Getting_Ready_for_PHP7-PHP7.jpg?resize=350%2C200&ssl=1 1x, https:\/\/i0.wp.com\/sahinsolmaz.com\/blog\/wp-content\/uploads\/2015\/07\/PHP7_GELiYOR_Getting_Ready_for_PHP7-PHP7.jpg?resize=525%2C300&ssl=1 1.5x, https:\/\/i0.wp.com\/sahinsolmaz.com\/blog\/wp-content\/uploads\/2015\/07\/PHP7_GELiYOR_Getting_Ready_for_PHP7-PHP7.jpg?resize=700%2C400&ssl=1 2x"},"classes":[]},{"id":778,"url":"https:\/\/sahinsolmaz.com\/blog\/hangi-programlama-dili-nerede-kullanilir-yeni-baslayanlara-tavsiyeler-nelerdir\/","url_meta":{"origin":725,"position":3},"title":"Hangi programlama dili nerede kullan\u0131l\u0131r? Yeni ba\u015flayanlara tavsiyeler nelerdir?","author":"SahinSOLMAZ","date":"13 Ekim 2014","format":false,"excerpt":"Merhabalar, Uzun s\u00fcredir yazmak istedi\u011fim bir makale vard\u0131 ama .. bir t\u00fcrl\u00fc f\u0131rsat olmam\u0131\u015ft\u0131. Yak\u0131n zamanlarda bir arkada\u015f\u0131m i\u00e7in ara\u015ft\u0131r\u0131rken buldu\u011fum ve be\u011fenerek okudu\u011fum bir makaleyi sizlerle de payla\u015fmak istedim. \"Bu makalenin i\u00e7eri\u011finde neler var?\" Derseniz, pop\u00fcler olan neredeyse t\u00fcm programlama dillerinin genel itibari ile kullan\u0131m alanlar\u0131, ama\u00e7lar\u0131 ve olumlu\u2026","rel":"","context":"&quot;YAZILIMA G\u0130R\u0130\u015e&quot; i\u00e7inde","block_context":{"text":"YAZILIMA G\u0130R\u0130\u015e","link":"https:\/\/sahinsolmaz.com\/blog\/category\/yazilima-giris\/"},"img":{"alt_text":"","src":"https:\/\/i0.wp.com\/sahinsolmaz.com\/blog\/wp-content\/uploads\/2014\/10\/Hangi-programlama-dili-nerede-kullan%C4%B1l%C4%B1r-Yeni-ba%C5%9Flayanlara-tavsiyeler-nelerdir-Merak-edebilece%C4%9Finiz-bir-%C3%A7ok-sorunun-cevab%C4%B1-bu-yaz%C4%B1l%C4%B1ma-giri%C5%9F-makalesinde-mevcut..jpg?resize=350%2C200&ssl=1","width":350,"height":200},"classes":[]},{"id":800,"url":"https:\/\/sahinsolmaz.com\/blog\/zeitgeist-ii-2-addendum-turkce-ortak-zaman-ruhu-hakkinda\/","url_meta":{"origin":725,"position":4},"title":"Zeitgeist II 2 Addendum&#8221; T\u00fcrk\u00e7e Ortak Zaman Ruhu Hakk\u0131nda","author":"SahinSOLMAZ","date":"28 Ekim 2014","format":false,"excerpt":"Merhabalar, D\u00fcn gece, bir ara k\u0131s\u0131m k\u0131s\u0131m seyretmi\u015f oldu\u011fum bir belgeselin\u00a0tek part hali ge\u00e7ti elime,\u00a0ilgiyle\u00a0seyrettim\u00a0ve\u00a0sizlerle de payla\u015fmak istedim. Zeistgeist, genellikle zamanin ruhu \/\u00a0ortak zaman ruhu\u00a0olarak adland\u0131r\u0131lan bir\u00a0olgu,\u00a0tan\u0131m\u0131n\u0131 iste tr. wikipedia.org \u015fu \u015fekilde ele alm\u0131\u015f: Zeitgeist, bir \u00e7a\u011f\u0131n d\u00fc\u015f\u00fcnce ve duygu bi\u00e7imidir. Bu kavram belirli bir d\u00f6nemin \u00f6zelli\u011fini g\u00f6stermekte, daha do\u011frusu\u2026","rel":"","context":"&quot;Siyasi&quot; i\u00e7inde","block_context":{"text":"Siyasi","link":"https:\/\/sahinsolmaz.com\/blog\/category\/yasam\/siyasi\/"},"img":{"alt_text":"","src":"https:\/\/i0.wp.com\/sahinsolmaz.com\/blog\/wp-content\/uploads\/2014\/10\/Zeitgeist-II-2-Addendum-T%C3%BCrk%C3%A7e-Ortak-Zaman-Ruhu-Hakk%C4%B1nda1.png?resize=350%2C200&ssl=1","width":350,"height":200,"srcset":"https:\/\/i0.wp.com\/sahinsolmaz.com\/blog\/wp-content\/uploads\/2014\/10\/Zeitgeist-II-2-Addendum-T%C3%BCrk%C3%A7e-Ortak-Zaman-Ruhu-Hakk%C4%B1nda1.png?resize=350%2C200&ssl=1 1x, https:\/\/i0.wp.com\/sahinsolmaz.com\/blog\/wp-content\/uploads\/2014\/10\/Zeitgeist-II-2-Addendum-T%C3%BCrk%C3%A7e-Ortak-Zaman-Ruhu-Hakk%C4%B1nda1.png?resize=525%2C300&ssl=1 1.5x, https:\/\/i0.wp.com\/sahinsolmaz.com\/blog\/wp-content\/uploads\/2014\/10\/Zeitgeist-II-2-Addendum-T%C3%BCrk%C3%A7e-Ortak-Zaman-Ruhu-Hakk%C4%B1nda1.png?resize=700%2C400&ssl=1 2x"},"classes":[]},{"id":1242,"url":"https:\/\/sahinsolmaz.com\/blog\/zaman-neden-cabuk-geciyor\/","url_meta":{"origin":725,"position":5},"title":"Zaman Neden \u00c7abuk Ge\u00e7iyor ?","author":"SahinSOLMAZ","date":"12 Ocak 2016","format":false,"excerpt":"D\u00fcn nas\u0131l ge\u00e7ti ? Ge\u00e7en hafta neler yapt\u0131n\u0131z ? Ge\u00e7en ay, ge\u00e7en y\u0131l neler yapt\u0131n\u0131z ? Peki ya heyecanla bekledi\u011finiz karne g\u00fcnleriniz falan ? \u015e\u00f6yle d\u00f6n\u00fcp bir bak\u0131nca her \u015fey nas\u0131l da olup bitivermi\u015f, zaman ne kadar \u00e7abuk ge\u00e7ivermi\u015f.. Son bir soru ile makalemize ge\u00e7i\u015f yapal\u0131m; bunca ge\u00e7en zaman ne\u2026","rel":"","context":"&quot;Genel&quot; i\u00e7inde","block_context":{"text":"Genel","link":"https:\/\/sahinsolmaz.com\/blog\/category\/genel\/"},"img":{"alt_text":"zaman_neden-cabuk_geciyor_Time-running-out-of-","src":"https:\/\/i0.wp.com\/sahinsolmaz.com\/blog\/wp-content\/uploads\/2016\/01\/zaman_neden-cabuk_geciyor_Time-running-out-of-.jpg?resize=350%2C200","width":350,"height":200},"classes":[]}],"_links":{"self":[{"href":"https:\/\/sahinsolmaz.com\/blog\/wp-json\/wp\/v2\/posts\/725","targetHints":{"allow":["GET"]}}],"collection":[{"href":"https:\/\/sahinsolmaz.com\/blog\/wp-json\/wp\/v2\/posts"}],"about":[{"href":"https:\/\/sahinsolmaz.com\/blog\/wp-json\/wp\/v2\/types\/post"}],"author":[{"embeddable":true,"href":"https:\/\/sahinsolmaz.com\/blog\/wp-json\/wp\/v2\/users\/1"}],"replies":[{"embeddable":true,"href":"https:\/\/sahinsolmaz.com\/blog\/wp-json\/wp\/v2\/comments?post=725"}],"version-history":[{"count":0,"href":"https:\/\/sahinsolmaz.com\/blog\/wp-json\/wp\/v2\/posts\/725\/revisions"}],"wp:featuredmedia":[{"embeddable":true,"href":"https:\/\/sahinsolmaz.com\/blog\/wp-json\/wp\/v2\/media\/726"}],"wp:attachment":[{"href":"https:\/\/sahinsolmaz.com\/blog\/wp-json\/wp\/v2\/media?parent=725"}],"wp:term":[{"taxonomy":"category","embeddable":true,"href":"https:\/\/sahinsolmaz.com\/blog\/wp-json\/wp\/v2\/categories?post=725"},{"taxonomy":"post_tag","embeddable":true,"href":"https:\/\/sahinsolmaz.com\/blog\/wp-json\/wp\/v2\/tags?post=725"}],"curies":[{"name":"wp","href":"https:\/\/api.w.org\/{rel}","templated":true}]}}